{"id":18527,"date":"2021-01-26T20:54:16","date_gmt":"2021-01-26T20:54:16","guid":{"rendered":"https:\/\/trailrunningmovement.com\/?p=18527"},"modified":"2026-02-19T10:10:05","modified_gmt":"2026-02-19T09:10:05","slug":"francesca-billi-ed-il-suo-rapporto-speciale-con-il-trail-running","status":"publish","type":"post","link":"https:\/\/trailrunningmovement.com\/it\/mondo-trail\/francesca-billi-ed-il-suo-rapporto-speciale-con-il-trail-running\/","title":{"rendered":"FRANCESCA BILLI ED IL SUO RAPPORTO SPECIALE CON IL TRAIL RUNNING"},"content":{"rendered":"<p><strong>Francesca Billi<\/strong>, atleta <strong>TRM<\/strong> e <a href=\"http:\/\/www.cimalp.it\" rel=\"noopener\"><strong>CimAlp Tester<\/strong><\/a>, vive in Liguria a Genova ma il suo cuore batte per la Valle d\u2019Aosta. Ha percorso tutti i sentieri della valle, prima con la famiglia e pi\u00f9 tardi per i suoi allenamenti da endurance trail runner. Moglie, madre e lavoratrice riesce ad incastrare tutto ad arte con tanta passione e dedizione<\/p>\n<p>Lasciamo a lei il compito di raccontare la sua storia e l\u2019incontro con il trail running.<\/p>\n<p><strong><a href=\"http:\/\/www.cimalp.it\" rel=\"noopener\"><img loading=\"lazy\" decoding=\"async\" class=\" wp-image-18530 alignleft\" src=\"https:\/\/trailrunningmovement.com\/wp-content\/uploads\/2021\/01\/Billi-2-neve-240x300.jpg\" alt=\"\" width=\"149\" height=\"187\" title=\"\" srcset=\"https:\/\/trailrunningmovement.com\/wp-content\/uploads\/2021\/01\/Billi-2-neve-240x300.jpg 240w, https:\/\/trailrunningmovement.com\/wp-content\/uploads\/2021\/01\/Billi-2-neve-819x1024.jpg 819w, https:\/\/trailrunningmovement.com\/wp-content\/uploads\/2021\/01\/Billi-2-neve-768x960.jpg 768w, https:\/\/trailrunningmovement.com\/wp-content\/uploads\/2021\/01\/Billi-2-neve-1229x1536.jpg 1229w, https:\/\/trailrunningmovement.com\/wp-content\/uploads\/2021\/01\/Billi-2-neve-1638x2048.jpg 1638w, https:\/\/trailrunningmovement.com\/wp-content\/uploads\/2021\/01\/Billi-2-neve-800x1000.jpg 800w, https:\/\/trailrunningmovement.com\/wp-content\/uploads\/2021\/01\/Billi-2-neve-1200x1500.jpg 1200w, https:\/\/trailrunningmovement.com\/wp-content\/uploads\/2021\/01\/Billi-2-neve-scaled.jpg 2048w\" sizes=\"(max-width: 149px) 100vw, 149px\" \/><\/a>Le gare come viaggio interiore e percorso mistico <\/strong><\/p>\n<p>Non sono un\u2019atleta da podio, trovo nella dimensione del viaggio, che caratterizza le gare di lunga distanza, la possibilit\u00e0 di riconettermi con il creato, la mia anima e dove il mio spirito trova un anticipo di eternit\u00e0. Sogno in grande perch\u00e9 sognare \u00e8 gratuito\u00a0e tanto vale farlo al meglio che si pu\u00f2.<\/p>\n<p>Ho una <strong>profonda convinzione che ci\u00f2 che posso immaginare e costruire<\/strong> vividamente <strong>nella mia mente<\/strong> lo <strong>posso anche realizzare<\/strong>. Vorrei riuscire a trasferire agli altri questo pensiero, a tutti coloro a cui \u00e8 stato insegnato\u00a0di volare basso in modo tale che quando cadranno si faranno meno male.<\/p>\n<p><strong>La scoperta delle Ultra Trail che ti scavano dentro lasciando ricordi indelebili<\/strong><\/p>\n<p><a href=\"http:\/\/www.cimalp.it\" rel=\"noopener\"><img loading=\"lazy\" decoding=\"async\" class=\" wp-image-18532 alignleft\" src=\"https:\/\/trailrunningmovement.com\/wp-content\/uploads\/2021\/01\/Billi-scarpa-MDS-225x300.jpg\" alt=\"\" width=\"97\" height=\"130\" title=\"\" srcset=\"https:\/\/trailrunningmovement.com\/wp-content\/uploads\/2021\/01\/Billi-scarpa-MDS-225x300.jpg 225w, https:\/\/trailrunningmovement.com\/wp-content\/uploads\/2021\/01\/Billi-scarpa-MDS-768x1024.jpg 768w, https:\/\/trailrunningmovement.com\/wp-content\/uploads\/2021\/01\/Billi-scarpa-MDS-1152x1536.jpg 1152w, https:\/\/trailrunningmovement.com\/wp-content\/uploads\/2021\/01\/Billi-scarpa-MDS-1536x2048.jpg 1536w, https:\/\/trailrunningmovement.com\/wp-content\/uploads\/2021\/01\/Billi-scarpa-MDS-800x1067.jpg 800w, https:\/\/trailrunningmovement.com\/wp-content\/uploads\/2021\/01\/Billi-scarpa-MDS-1200x1600.jpg 1200w, https:\/\/trailrunningmovement.com\/wp-content\/uploads\/2021\/01\/Billi-scarpa-MDS-scaled.jpg 1920w\" sizes=\"(max-width: 97px) 100vw, 97px\" \/><\/a>Ho sperimentato le distanze pi\u00f9 disparate nei luoghi pi\u00f9 diversi, dalle <strong>gare intorno al Monte Bianco<\/strong>, <strong>CCC, Gran Trail Courmayeur,<\/strong> alla <strong>LUT<\/strong> per poi iniziare ad assaporare territori culture e terreni diversi.<\/p>\n<p>Ho <strong>preso il via<\/strong> alla <strong>Transvulcania<\/strong>, alla <strong>150Km Boavista Ultra Trail, <\/strong>correndo affacciata sull&#8217;oceano, tra le dune di sabbia del deserto ed affrontando temperature diurne di 45\u00b0, alla <strong>Atlas Toubkal<\/strong> con i suoi 100 km e 8000mt di dislivello in un annata di tempo particolarmente ostile con neve e temperature prossime ai -10.<\/p>\n<p>Da ultimo, ma non per importanza, nel <strong>2019<\/strong> ho coronato il sogno che coltivavo da sempre, la <strong>Marathon Des Sables<\/strong>. L\u00ec in uno <strong>zaino di 10 kg, <\/strong>che avevo battezzato con il nome\u00a0 di Willy, <strong>si \u00e8 concentrata l\u2019essenza della mia vita<\/strong>. E\u2019 stato per una settimana il mio compagno di viaggio, la mia cambusa, il mio guardaroba, il mio letto. <img loading=\"lazy\" decoding=\"async\" class=\"size-medium wp-image-18534 alignright\" src=\"https:\/\/trailrunningmovement.com\/wp-content\/uploads\/2021\/01\/Billi-3-bianco-e-nero-225x300.jpg\" alt=\"\" width=\"225\" height=\"300\" title=\"\" srcset=\"https:\/\/trailrunningmovement.com\/wp-content\/uploads\/2021\/01\/Billi-3-bianco-e-nero-225x300.jpg 225w, https:\/\/trailrunningmovement.com\/wp-content\/uploads\/2021\/01\/Billi-3-bianco-e-nero-768x1024.jpg 768w, https:\/\/trailrunningmovement.com\/wp-content\/uploads\/2021\/01\/Billi-3-bianco-e-nero-1152x1536.jpg 1152w, https:\/\/trailrunningmovement.com\/wp-content\/uploads\/2021\/01\/Billi-3-bianco-e-nero-1536x2048.jpg 1536w, https:\/\/trailrunningmovement.com\/wp-content\/uploads\/2021\/01\/Billi-3-bianco-e-nero-800x1067.jpg 800w, https:\/\/trailrunningmovement.com\/wp-content\/uploads\/2021\/01\/Billi-3-bianco-e-nero-1200x1600.jpg 1200w, https:\/\/trailrunningmovement.com\/wp-content\/uploads\/2021\/01\/Billi-3-bianco-e-nero-scaled.jpg 1920w\" sizes=\"(max-width: 225px) 100vw, 225px\" \/>Quell\u2019esperienza mi ha segnato per tanti motivi, ogni giorno mi svegliavo con la sabbia tra i denti, i miei compagni di tenda sono diventati la mia famiglia ed il cielo stellato il mio tetto\u2026<strong>se chiudo gli occhi rivivo ancora quelle emozioni.<\/strong><\/p>\n<p><strong>Nel futuro prossimo ci sono ancora tante avventure<\/strong><\/p>\n<p>Sono desiderosa di intraprendere ancora tanti viaggi per conoscere attraverso la corsa nuovi mondi, persone, culture e per assaporare una Francesca sempre nuova che si lascia trasportare dal fiume della vita.<\/p>\n","protected":false},"excerpt":{"rendered":"<p>Francesca Billi, atleta TRM e CimAlp Tester, vive in Liguria a Genova ma il suo cuore batte per la Valle d\u2019Aosta. Ha percorso tutti i sentieri della valle, prima con la famiglia e pi\u00f9 tardi per i suoi allenamenti da endurance trail runner. Moglie, madre e lavoratrice riesce ad incastrare tutto ad arte con tanta [&hellip;]<\/p>\n","protected":false},"author":7,"featured_media":18528,"comment_status":"closed","ping_status":"closed","sticky":false,"template":"","format":"standard","meta":{"_acf_changed":false,"footnotes":""},"categories":[1663],"tags":[2539,2749,2291,2753,2536,2752,2750,2667,2751,1851],"class_list":["post-18527","post","type-post","status-publish","format-standard","has-post-thumbnail","hentry","category-mondo-trail","tag-atleta","tag-atleta-trm","tag-cimalp","tag-cimalp-tester-it","tag-cimalp-testers","tag-consigli-prodotti-trail-running","tag-francesca-billi","tag-prodotti-cimalp","tag-ultra-runner","tag-ultra-trailer"],"acf":[],"_links":{"self":[{"href":"https:\/\/trailrunningmovement.com\/it\/wp-json\/wp\/v2\/posts\/18527","targetHints":{"allow":["GET"]}}],"collection":[{"href":"https:\/\/trailrunningmovement.com\/it\/wp-json\/wp\/v2\/posts"}],"about":[{"href":"https:\/\/trailrunningmovement.com\/it\/wp-json\/wp\/v2\/types\/post"}],"author":[{"embeddable":true,"href":"https:\/\/trailrunningmovement.com\/it\/wp-json\/wp\/v2\/users\/7"}],"replies":[{"embeddable":true,"href":"https:\/\/trailrunningmovement.com\/it\/wp-json\/wp\/v2\/comments?post=18527"}],"version-history":[{"count":1,"href":"https:\/\/trailrunningmovement.com\/it\/wp-json\/wp\/v2\/posts\/18527\/revisions"}],"predecessor-version":[{"id":26243,"href":"https:\/\/trailrunningmovement.com\/it\/wp-json\/wp\/v2\/posts\/18527\/revisions\/26243"}],"wp:featuredmedia":[{"embeddable":true,"href":"https:\/\/trailrunningmovement.com\/it\/wp-json\/wp\/v2\/media\/18528"}],"wp:attachment":[{"href":"https:\/\/trailrunningmovement.com\/it\/wp-json\/wp\/v2\/media?parent=18527"}],"wp:term":[{"taxonomy":"category","embeddable":true,"href":"https:\/\/trailrunningmovement.com\/it\/wp-json\/wp\/v2\/categories?post=18527"},{"taxonomy":"post_tag","embeddable":true,"href":"https:\/\/trailrunningmovement.com\/it\/wp-json\/wp\/v2\/tags?post=18527"}],"curies":[{"name":"wp","href":"https:\/\/api.w.org\/{rel}","templated":true}]}}